{"id":2593,"date":"2018-03-19T20:57:41","date_gmt":"2018-03-19T19:57:41","guid":{"rendered":"https:\/\/bioherbarium.com\/blog\/?p=2593"},"modified":"2018-03-19T21:24:27","modified_gmt":"2018-03-19T20:24:27","slug":"protectores-solares-madara","status":"publish","type":"post","link":"https:\/\/bioherbarium.com\/blog\/cosmetica-ecologica\/protectores-solares-madara\/","title":{"rendered":"PROTECTORES SOLARES MADARA: LO \u00daLTIMO EN SOLARES BIO"},"content":{"rendered":"<figure id=\"attachment_2597\" aria-describedby=\"caption-attachment-2597\" style=\"width: 900px\" class=\"wp-caption aligncenter\"><a href=\"https:\/\/bioherbarium.com\"><img loading=\"lazy\" class=\"size-full wp-image-2597\" src=\"https:\/\/bioherbarium.com\/blog\/wp-content\/uploads\/2018\/03\/presentacion-solares-SPF-MADARA-1.jpg\" alt=\"madara protectores solares bio\" width=\"900\" height=\"283\" srcset=\"https:\/\/bioherbarium.com\/blog\/wp-content\/uploads\/2018\/03\/presentacion-solares-SPF-MADARA-1.jpg 900w, https:\/\/bioherbarium.com\/blog\/wp-content\/uploads\/2018\/03\/presentacion-solares-SPF-MADARA-1-300x94.jpg 300w, https:\/\/bioherbarium.com\/blog\/wp-content\/uploads\/2018\/03\/presentacion-solares-SPF-MADARA-1-768x241.jpg 768w\" sizes=\"(max-width: 900px) 100vw, 900px\" \/><\/a><figcaption id=\"caption-attachment-2597\" class=\"wp-caption-text\">madara protectores solares bio<\/figcaption><\/figure>\n<h2>PROTECTORES SOLARES MADARA: MUCHOS A\u00d1OS DE INVESTIGACI\u00d3N HAN DADO SUS FRUTOS<\/h2>\n<p>Las f\u00f3rmulas SPF 100% naturales son de las m\u00e1s exigentes y sofisticadas de la industria del <strong>cuidado de la piel<\/strong>. Si a ello le sumamos los altos est\u00e1ndares de eco-responsabilidad y eficiencia que se auto-exige <a href=\"https:\/\/bioherbarium.com\/madara\"><strong>Madara<\/strong><\/a> no es de extra\u00f1ar que hayan sido necesarios cerca de 5 a\u00f1os de investigaci\u00f3n y pruebas para hacer realidad estas nuevas referencias que dan forma a una nueva <strong>gama de protectores solares Madara<\/strong> que, m\u00e1s all\u00e1 de la fotoprotecci\u00f3n, proporcionan m\u00faltiples beneficios para el <strong>cuidado facial y <\/strong><strong>corporal<\/strong>, abarcando desde <strong>protecci\u00f3n anti-poluci\u00f3n ambiental<\/strong> al cuidado <strong>antienvejecimiento celular<\/strong>, mantenimiento de la correcta tasa de <strong>hidrataci\u00f3n<\/strong> o <strong>prevenci\u00f3n anti-manchas.<\/strong> Los usuarios de <strong>cremas solares Bio<\/strong> saben lo dif\u00edcil que resulta encontrar una crema solar que no sea excesivamente densa y espesa y que no deje <strong>rastros blancos<\/strong>. Por eso <strong>Madara<\/strong> ten\u00eda ante s\u00ed un gran reto.<\/p>\n<p>Os recordamos aqu\u00ed la diferencia entre un <strong>protector solar convencional<\/strong> y un <strong>protector solar ecol\u00f3gico<\/strong>, en palabras de la fundadora de <strong>Madara<\/strong>:<\/p>\n<p>\u201cMientras los <strong>protectores solares<\/strong> a base de qu\u00edmicos penetran en la piel y absorben los rayos del sol, los productos solares naturales usan filtros basados en minerales naturales (tanto Di\u00f3xido de Titanio como \u00d3xido de Zinc) que reflejan, f\u00edsicamente, los nocivos rayos del sol. A lo largo de la historia, diversos estudios han detectado ciertos riesgos para la salud asociados a los filtros qu\u00edmicos (acumulaci\u00f3n en el cuerpo, posible irritaci\u00f3n y alteraci\u00f3n del nivel hormonal), de modo que los filtros minerales -tambi\u00e9n conocidos como naturales o f\u00edsicos &#8211; est\u00e1n considerados como los m\u00e1s seguros, adem\u00e1s de m\u00e1s efectivos\u201d, se\u00f1ala Lotte Tisenkopfa, fundadora de <strong>Madara<\/strong> y responsable de desarrollo de nuevos productos.<\/p>\n<h3><\/h3>\n<h3>AS\u00cd ES ESTA NUEVA FAMILIA DE FOTOPROTECTORES: CON CERTIFICADO ECOCERT, LIBRES DE FILTROS QU\u00cdMICOS Y CON 0% EFECTO PRINGOSO NI RESIDUO BLANCO<\/h3>\n<figure id=\"attachment_2600\" aria-describedby=\"caption-attachment-2600\" style=\"width: 800px\" class=\"wp-caption aligncenter\"><img loading=\"lazy\" class=\"size-full wp-image-2600\" src=\"https:\/\/bioherbarium.com\/blog\/wp-content\/uploads\/2018\/03\/CC-Cream-madara-city-cream-protector-solar.jpg\" alt=\"CC cream Madara CityCC, protecci\u00f3n solar ligera\" width=\"800\" height=\"956\" srcset=\"https:\/\/bioherbarium.com\/blog\/wp-content\/uploads\/2018\/03\/CC-Cream-madara-city-cream-protector-solar.jpg 800w, https:\/\/bioherbarium.com\/blog\/wp-content\/uploads\/2018\/03\/CC-Cream-madara-city-cream-protector-solar-251x300.jpg 251w, https:\/\/bioherbarium.com\/blog\/wp-content\/uploads\/2018\/03\/CC-Cream-madara-city-cream-protector-solar-768x918.jpg 768w\" sizes=\"(max-width: 800px) 100vw, 800px\" \/><figcaption id=\"caption-attachment-2600\" class=\"wp-caption-text\">CC cream Madara CityCC, protecci\u00f3n solar ligera<\/figcaption><\/figure>\n<p>&nbsp;<\/p>\n<p>CC City 15 SPF: Ideal para primavera, verano y oto\u00f1o en la ciudad, en exposiciones breves al Sol estar\u00e1s perfectamente protegida y cuidada.<\/p>\n<p>En dos tonos: Light y Medium.<\/p>\n<p>BB Cream con protecci\u00f3n solar<\/p>\n<p>Nivel medio de protecci\u00f3n solar<\/p>\n<p>Textura ligera que se funde en la piel<\/p>\n<p>&nbsp;<\/p>\n<p>PLANT STEM CELL AGE-DEFYING SPF 30: Tu rostro protegido al sol<\/p>\n<p>-Alto nivel de protecci\u00f3n UVA\/UVB y anti poluci\u00f3n<\/p>\n<p>&#8211; Textura ligera y color natural invisible en la piel<\/p>\n<p>&#8211; Hidrata y restaura la piel, adem\u00e1s de prevenir la sequedad, la aparici\u00f3n de arrugas, la<\/p>\n<p>hiperpigmentaci\u00f3n, los puntos negros y la p\u00e9rdida de volumen<\/p>\n<p>-Apto para todo tipo de pieles<\/p>\n<p>&nbsp;<\/p>\n<p>PLANT STEM CELL ANTIOXIDANT: Protector corporal que puede ser usado para CUERPO, MANOS Y ROSTRO SPF30 100 ml<\/p>\n<p>-Alto nivel de protecci\u00f3n UVA\/UVB<\/p>\n<p>-Textura transl\u00facida e invisible sin rastro de piel blanquecina\/ marcas blancas<\/p>\n<p>-Hidrata y regenera la piel, adem\u00e1s de prevenir la sequedad y los s\u00edntomas de fotoenvejecimiento<\/p>\n<p>prematuro<\/p>\n<p>-Apto para todo tipo de pieles<\/p>\n<p>&nbsp;<\/p>\n<p>&nbsp;<\/p>\n","protected":false},"excerpt":{"rendered":"<p>PROTECTORES SOLARES MADARA: MUCHOS A\u00d1OS DE INVESTIGACI\u00d3N HAN DADO SUS FRUTOS Las f\u00f3rmulas SPF 100% naturales son de las m\u00e1s exigentes y sofisticadas de la industria del cuidado de la piel. Si a ello le sumamos los altos est\u00e1ndares de eco-responsabilidad y eficiencia que se auto-exige Madara no es de extra\u00f1ar que hayan sido necesarios&hellip; <a class=\"more-link\" href=\"https:\/\/bioherbarium.com\/blog\/cosmetica-ecologica\/protectores-solares-madara\/\">Seguir leyendo <span class=\"screen-reader-text\">PROTECTORES SOLARES MADARA: LO \u00daLTIMO EN SOLARES BIO<\/span><\/a><\/p>\n","protected":false},"author":1,"featured_media":2598,"comment_status":"closed","ping_status":"closed","sticky":false,"template":"","format":"aside","meta":[],"categories":[275],"tags":[183,314,207],"_links":{"self":[{"href":"https:\/\/bioherbarium.com\/blog\/wp-json\/wp\/v2\/posts\/2593"}],"collection":[{"href":"https:\/\/bioherbarium.com\/blog\/wp-json\/wp\/v2\/posts"}],"about":[{"href":"https:\/\/bioherbarium.com\/blog\/wp-json\/wp\/v2\/types\/post"}],"author":[{"embeddable":true,"href":"https:\/\/bioherbarium.com\/blog\/wp-json\/wp\/v2\/users\/1"}],"replies":[{"embeddable":true,"href":"https:\/\/bioherbarium.com\/blog\/wp-json\/wp\/v2\/comments?post=2593"}],"version-history":[{"count":6,"href":"https:\/\/bioherbarium.com\/blog\/wp-json\/wp\/v2\/posts\/2593\/revisions"}],"predecessor-version":[{"id":2602,"href":"https:\/\/bioherbarium.com\/blog\/wp-json\/wp\/v2\/posts\/2593\/revisions\/2602"}],"wp:featuredmedia":[{"embeddable":true,"href":"https:\/\/bioherbarium.com\/blog\/wp-json\/wp\/v2\/media\/2598"}],"wp:attachment":[{"href":"https:\/\/bioherbarium.com\/blog\/wp-json\/wp\/v2\/media?parent=2593"}],"wp:term":[{"taxonomy":"category","embeddable":true,"href":"https:\/\/bioherbarium.com\/blog\/wp-json\/wp\/v2\/categories?post=2593"},{"taxonomy":"post_tag","embeddable":true,"href":"https:\/\/bioherbarium.com\/blog\/wp-json\/wp\/v2\/tags?post=2593"}],"curies":[{"name":"wp","href":"https:\/\/api.w.org\/{rel}","templated":true}]}}